{"id":15499,"date":"2025-04-07T05:51:05","date_gmt":"2025-04-07T05:51:05","guid":{"rendered":"https:\/\/dgpe.gouv.ci\/fr\/?p=15499"},"modified":"2025-04-07T05:55:01","modified_gmt":"2025-04-07T05:55:01","slug":"journee-internationale-des-droits-des-femmes-jif-2025-la-direction-generale-du-portefeuille-de-letat-celebre-ses-femmes","status":"publish","type":"post","link":"https:\/\/dgpe.gouv.ci\/fr\/journee-internationale-des-droits-des-femmes-jif-2025-la-direction-generale-du-portefeuille-de-letat-celebre-ses-femmes\/","title":{"rendered":"JOURNEE INTERNATIONALE DES DROITS DES FEMMES (JIF) 2025 : \u00ab La Direction G\u00e9n\u00e9rale du Portefeuille de l\u2019Etat c\u00e9l\u00e8bre ses femmes \u00bb"},"content":{"rendered":"\t\t<div data-elementor-type=\"wp-post\" data-elementor-id=\"15499\" class=\"elementor elementor-15499\" data-elementor-post-type=\"post\">\n\t\t\t\t\t\t<section data-exad-particle-enable=\"false\" class=\"elementor-section elementor-top-section elementor-element elementor-element-3ef3df2 elementor-section-boxed elementor-section-height-default elementor-section-height-default exad-parallax-effect-no exad-background-color-change-no exad-glass-effect-no exad-sticky-section-no\" data-id=\"3ef3df2\" data-element_type=\"section\" data-e-type=\"section\">\n\t\t\t\t\t\t<div class=\"elementor-container elementor-column-gap-default\">\n\t\t\t\t\t<div class=\"elementor-column elementor-col-100 elementor-top-column elementor-element elementor-element-72bd07d8 exad-glass-effect-no exad-sticky-section-no\" data-id=\"72bd07d8\" data-element_type=\"column\" data-e-type=\"column\">\n\t\t\t<div class=\"elementor-widget-wrap elementor-element-populated\">\n\t\t\t\t\t\t<div class=\"elementor-element elementor-element-69b879e7 exad-sticky-section-no exad-glass-effect-no elementor-widget elementor-widget-text-editor\" data-id=\"69b879e7\" data-element_type=\"widget\" data-e-type=\"widget\" data-widget_type=\"text-editor.default\">\n\t\t\t\t<div class=\"elementor-widget-container\">\n\t\t\t\t\t\t\t\t\t<p>A l\u2019occasion de la Journ\u00e9e Internationale des Droits des Femmes (JIF) 2025, la Direction G\u00e9n\u00e9rale du Portefeuille de l\u2019Etat (DGPE) a c\u00e9l\u00e9br\u00e9 ses femmes le lundi 10 mars 2025, \u00e0 travers une c\u00e9r\u00e9monie qui s\u2019est d\u00e9roul\u00e9e au 3<sup>\u00e8me<\/sup> \u00e9tage de la tour B. \u00a0<\/p><p>Cette c\u00e9r\u00e9monie, qui s\u2019est tenue sous la Pr\u00e9sidence du Directeur G\u00e9n\u00e9ral Monsieur BAMBA Seydou, avait pour but de c\u00e9l\u00e9brer les r\u00e9alisations et les progr\u00e8s accomplis en mati\u00e8re de droits des femmes au sein de la DGPE ces derni\u00e8res ann\u00e9es.<\/p><p>Prenant la parole au nom l\u2019ensemble des femmes de la direction g\u00e9n\u00e9rale, Madame KONE Epouse BASSOLE, Charg\u00e9e d\u2019Etudes \u00e0 la Sous-direction Ressources Humaines, a traduit toute la gratitude des femmes au Directeur G\u00e9n\u00e9ral pour ses efforts constants \u00e0 leur \u00e9gard, mat\u00e9rialis\u00e9s en l\u2019occurrence par la promotion de l\u2019\u00e9galit\u00e9 du genre au sein de la DGPE.<\/p><p>Poursuivant ses propos, la porte-parole des femmes a pr\u00e9cis\u00e9 qu\u2019au-del\u00e0 du caract\u00e8re festif de cette journ\u00e9e, elle est \u00e9galement un moment de profonde r\u00e9flexion sur les enjeux et les perspectives \u00e0 venir. Dans cet optique, et pour atteindre les objectifs \u00e0 leurs assign\u00e9s \u00e0 leurs diff\u00e9rents postes, elle a formul\u00e9 une plaidoirie aupr\u00e8s du DG afin d\u2019obtenir des opportunit\u00e9s de formation, de mentorat et coaching sur le leadership f\u00e9minin.<\/p><p>Monsieur <strong>BAMBA Seydou<\/strong> a, pour sa part, f\u00e9licit\u00e9 ses dynamiques femmes pour le r\u00f4le que chacune d\u2019elle continue de jouer pour le bon fonctionnement des Services de la DGPE. Par la suite, il a marqu\u00e9 son adh\u00e9sion \u00e0 l\u2019id\u00e9e formation sur les th\u00e8mes de mentorat et sur le leadership f\u00e9minin \u00e0 l\u2019effet de renforcer la contribution des femmes \u00e0 la bonne marche de la structure. Pour clore, le Directeur G\u00e9n\u00e9ral, comme \u00e0 ses habitudes, a prodigu\u00e9 de sages conseils \u00e0 l\u2019endroit de ses femmes.<\/p><p>La c\u00e9r\u00e9monie a pris fin sur une note de pr\u00e9sents offerts \u00e0 toutes les femmes.<\/p>\t\t\t\t\t\t\t\t<\/div>\n\t\t\t\t<\/div>\n\t\t\t\t\t<\/div>\n\t\t<\/div>\n\t\t\t\t\t<\/div>\n\t\t<\/section>\n\t\t\t\t<\/div>\n\t\t","protected":false},"excerpt":{"rendered":"<p>A l\u2019occasion de la Journ\u00e9e Internationale des Droits des Femmes (JIF) 2025, la Direction G\u00e9n\u00e9rale du Portefeuille de l\u2019Etat (DGPE) a c\u00e9l\u00e9br\u00e9 ses femmes le lundi 10 mars 2025, \u00e0 travers une c\u00e9r\u00e9monie qui s\u2019est d\u00e9roul\u00e9e au 3\u00e8me \u00e9tage de la tour B. \u00a0 Cette c\u00e9r\u00e9monie, qui s\u2019est tenue sous [&hellip;]<\/p>\n","protected":false},"author":1,"featured_media":15501,"comment_status":"closed","ping_status":"closed","sticky":false,"template":"","format":"standard","meta":{"footnotes":""},"categories":[164,24],"tags":[163],"class_list":["post-15499","post","type-post","status-publish","format-standard","has-post-thumbnail","hentry","category-164","category-articles","tag-actualites-2024seminaire"],"_links":{"self":[{"href":"https:\/\/dgpe.gouv.ci\/fr\/wp-json\/wp\/v2\/posts\/15499","targetHints":{"allow":["GET"]}}],"collection":[{"href":"https:\/\/dgpe.gouv.ci\/fr\/wp-json\/wp\/v2\/posts"}],"about":[{"href":"https:\/\/dgpe.gouv.ci\/fr\/wp-json\/wp\/v2\/types\/post"}],"author":[{"embeddable":true,"href":"https:\/\/dgpe.gouv.ci\/fr\/wp-json\/wp\/v2\/users\/1"}],"replies":[{"embeddable":true,"href":"https:\/\/dgpe.gouv.ci\/fr\/wp-json\/wp\/v2\/comments?post=15499"}],"version-history":[{"count":0,"href":"https:\/\/dgpe.gouv.ci\/fr\/wp-json\/wp\/v2\/posts\/15499\/revisions"}],"wp:featuredmedia":[{"embeddable":true,"href":"https:\/\/dgpe.gouv.ci\/fr\/wp-json\/wp\/v2\/media\/15501"}],"wp:attachment":[{"href":"https:\/\/dgpe.gouv.ci\/fr\/wp-json\/wp\/v2\/media?parent=15499"}],"wp:term":[{"taxonomy":"category","embeddable":true,"href":"https:\/\/dgpe.gouv.ci\/fr\/wp-json\/wp\/v2\/categories?post=15499"},{"taxonomy":"post_tag","embeddable":true,"href":"https:\/\/dgpe.gouv.ci\/fr\/wp-json\/wp\/v2\/tags?post=15499"}],"curies":[{"name":"wp","href":"https:\/\/api.w.org\/{rel}","templated":true}]}}