{"id":15690,"date":"2025-07-21T16:50:09","date_gmt":"2025-07-21T16:50:09","guid":{"rendered":"https:\/\/dgpe.gouv.ci\/fr\/?p=15690"},"modified":"2025-07-21T16:58:00","modified_gmt":"2025-07-21T16:58:00","slug":"gouvernance-des-entreprises-publiques-les-administrateurs-de-la-troisieme-promotion-du-casp-recoivent-leur-certificat-de-fin-de-formation","status":"publish","type":"post","link":"https:\/\/dgpe.gouv.ci\/fr\/gouvernance-des-entreprises-publiques-les-administrateurs-de-la-troisieme-promotion-du-casp-recoivent-leur-certificat-de-fin-de-formation\/","title":{"rendered":"GOUVERNANCE DES ENTREPRISES PUBLIQUES : \u00ab LES ADMINISTRATEURS DE LA TROISIEME PROMOTION DU CASP RECOIVENT LEUR CERTIFICAT DE FIN DE FORMATION \u00bb"},"content":{"rendered":"\t\t<div data-elementor-type=\"wp-post\" data-elementor-id=\"15690\" class=\"elementor elementor-15690\" data-elementor-post-type=\"post\">\n\t\t\t\t\t\t<section data-exad-particle-enable=\"false\" class=\"elementor-section elementor-top-section elementor-element elementor-element-7d258b4 elementor-section-boxed elementor-section-height-default elementor-section-height-default exad-parallax-effect-no exad-background-color-change-no exad-glass-effect-no exad-sticky-section-no\" data-id=\"7d258b4\" data-element_type=\"section\" data-e-type=\"section\">\n\t\t\t\t\t\t<div class=\"elementor-container elementor-column-gap-default\">\n\t\t\t\t\t<div class=\"elementor-column elementor-col-100 elementor-top-column elementor-element elementor-element-3caaed5d exad-glass-effect-no exad-sticky-section-no\" data-id=\"3caaed5d\" data-element_type=\"column\" data-e-type=\"column\">\n\t\t\t<div class=\"elementor-widget-wrap elementor-element-populated\">\n\t\t\t\t\t\t<div class=\"elementor-element elementor-element-7a3f5741 exad-sticky-section-no exad-glass-effect-no elementor-widget elementor-widget-text-editor\" data-id=\"7a3f5741\" data-element_type=\"widget\" data-e-type=\"widget\" data-widget_type=\"text-editor.default\">\n\t\t\t\t<div class=\"elementor-widget-container\">\n\t\t\t\t\t\t\t\t\t<p>Dans le but de renforcer les capacit\u00e9s des administrateurs, en vue de leur permettre d\u2019assurer de mani\u00e8re optimale leur mission au sein des conseils d\u2019administration des entreprises du portefeuille de l\u2019Etat, <strong>le Minist\u00e8re du Patrimoine, du Portefeuille de l\u2019Etat et des Entreprises Publiques (MPPEEP)<\/strong> en collaboration avec <strong>l\u2019Institut National des Administrateurs de C\u00f4te d\u2019Ivoire (INADCI)<\/strong>, a organis\u00e9 ce mercredi 16 juillet 2025, \u00e0 15 heures, au SOFITEL H\u00f4tel Ivoire, la c\u00e9r\u00e9monie de remise de dipl\u00f4me \u00e0 la troisi\u00e8me promotion du programme de formation d\u00e9nomm\u00e9 \u00ab\u00a0Certificat des Administrateurs de Soci\u00e9t\u00e9s Publiques (CASP)\u00a0\u00bb.<\/p><p>Ce programme de Certification des Administrateurs repr\u00e9sentant l\u2019\u00c9tat, initi\u00e9 depuis 2019, vise \u00e0 former des administrateurs comp\u00e9tents et responsables, pour une gestion optimis\u00e9e des entreprises publiques. Il a vu la participation de cent-quarante-six (146) sur 191 attendues Administrateurs repr\u00e9sentant de l\u2019Etat au sein des Conseils d\u2019Administration des Soci\u00e9t\u00e9s d\u2019Etat, des Soci\u00e9t\u00e9s \u00e0 Participation Financi\u00e8re Publique Majoritaire, des Soci\u00e9t\u00e9s Minoritaires contr\u00f4l\u00e9es par l\u2019Etat ainsi que des Agences d\u2019Ex\u00e9cution. Les participants ont \u00e9t\u00e9 form\u00e9s sur trois modules fondamentaux \u00e0 savoir\u00a0:<\/p><ul><li>la gouvernance d\u2019entreprise\u00a0: missions et responsabilit\u00e9 des mandataire,<\/li><li>la finance \u00e9conomique\u00a0: Audit, contr\u00f4le et Gestion<\/li><li>les Mandataire sociaux face \u00e0 la strat\u00e9gie d\u2019entreprise et la Responsabilit\u00e9 Soci\u00e9tale et Environnementale (RSE).<\/li><\/ul><p>Monsieur<strong> Moussa SANOGO Ministre du Patrimoine, du Portefeuille de l\u2019Etat et des Entreprises Publiques<\/strong>, initiateur de ce programme, a exprim\u00e9 ses remerciements \u00e0 l\u2019endroit des Administrateurs r\u00e9cipiendaires et t\u00e9moign\u00e9 son attachement aux initiatives qui contribuent au renforcement des capacit\u00e9s humaines et \u00e0 la consolidation des principes de bonne gouvernance<\/p><p>Par ailleurs le Ministre a dress\u00e9 un bilan positif de cette initiative, il s\u2019est f\u00e9licit\u00e9 du taux de participation et de l\u2019\u00e9volution de la fonction des Administrateurs, notant ainsi une plus grande implication dans les conseils et un renforcement des m\u00e9canismes de contr\u00f4le et d\u2019\u00e9valuation.<\/p><p>\u00a0\u00ab\u00a0Le fonctionnement des conseils s\u2019est nettement am\u00e9lior\u00e9 avec une meilleure qualit\u00e9 d\u2019\u00e9change, une assiduit\u00e9 renforc\u00e9e des membres et l\u2019op\u00e9rationnalisation effective des comit\u00e9s sp\u00e9cialis\u00e9s\u00a0\u00bb a not\u00e9 le Ministre.<\/p><p>Pour clore ses propos Le Ministre Moussa Sanogo a invit\u00e9 les r\u00e9cipiendaires \u00e0 faire de cette formation le socle d\u2019un engagement renouvel\u00e9, en incarnant au quotidien les valeurs d\u2019une gouvernance publique exemplaire, fond\u00e9e sur le professionnalisme, la loyaut\u00e9 et le sens de l\u2019int\u00e9r\u00eat g\u00e9n\u00e9ral.<\/p><p>Le <strong>Directeur G\u00e9n\u00e9ral du Portefeuille de l\u2019Etat<\/strong> <strong>Monsieur Bamba Seydou<\/strong> a salu\u00e9 cette initiative du Ministre qui se veut comme un catalyseur de bonne Gouvernance et de performance des entreprises du Portefeuille de l\u2019Etat, Il a par la suite mis l\u2019accent sur les objectifs sp\u00e9cifiques du CASP. S\u2019adressant aux r\u00e9cipiendaires le DG a relev\u00e9 le caract\u00e8re d\u2019une double c\u00e9l\u00e9bration \u00ab\u00a0nous c\u00e9l\u00e9brons non seulement la r\u00e9ussite de ce programme, mais aussi la maturation de chacun\u00a0d\u2019entre vous en tant qu\u2019administrateurs certifi\u00e9s.\u00a0\u00bb<\/p><p>La Pr\u00e9sidente de <strong>l\u2019Institut National des Administrateurs de C\u00f4te d\u2019Ivoire (INAD-CI)<\/strong> <strong>Zunon-Kipr\u00e9<\/strong> <strong>Viviane<\/strong> a indiqu\u00e9 que durant pr\u00e8s de 40 heures de formation r\u00e9partie sur 15 sessions, les administrateurs ont b\u00e9n\u00e9fici\u00e9 de l\u2019expertise de 18 intervenants nationaux de haut niveau, autour des trois modules fondamentaux et des sessions de sensibilisation de grande valeur sur des sujets connexes, d\u2019actualit\u00e9s et de vigilance strat\u00e9gique.<\/p><p>Monsieur<strong> CAMARA Thomas <\/strong>Pr\u00e9sident Conseil d\u2019Administration du<strong> Fond d\u2019Entretien Routier (FER),<\/strong> r\u00e9cipiendaire, prenant la parole au nom de l\u2019ensemble des Administrateurs issus de la 3<sup>\u00e8me<\/sup> promotion, a exprim\u00e9 la gratitude des r\u00e9cipiendaires au Ministre et not\u00e9 par la suite que ce certificat marque un tournant important dans leur mandat d\u2019Administrateur. Cette formation les a dot\u00e9s d\u2019outils n\u00e9cessaire pour faire de la Gouvernance un vecteur de transformation durable. Il a \u00e9galement insist\u00e9 sur le fait que les principes qui sont entre autres la transparence, responsabilit\u00e9 soci\u00e9tale, gestion des risques de conformit\u00e9 doivent se traduire sur le terrain.<\/p><p style=\"text-align: justify;\">C\u2019est sur une photo de famille de remise symbolique des parchemins aux r\u00e9cipiendaires que le rideau est tomb\u00e9 sur la c\u00e9l\u00e9bration de la 3<sup>\u00e8me<\/sup> promotion du CASP.<\/p>\t\t\t\t\t\t\t\t<\/div>\n\t\t\t\t<\/div>\n\t\t\t\t\t<\/div>\n\t\t<\/div>\n\t\t\t\t\t<\/div>\n\t\t<\/section>\n\t\t\t\t<\/div>\n\t\t","protected":false},"excerpt":{"rendered":"<p>Dans le but de renforcer les capacit\u00e9s des administrateurs, en vue de leur permettre d\u2019assurer de mani\u00e8re optimale leur mission au sein des conseils d\u2019administration des entreprises du portefeuille de l\u2019Etat, le Minist\u00e8re du Patrimoine, du Portefeuille de l\u2019Etat et des Entreprises Publiques (MPPEEP) en collaboration avec l\u2019Institut National des [&hellip;]<\/p>\n","protected":false},"author":1,"featured_media":15692,"comment_status":"closed","ping_status":"closed","sticky":false,"template":"","format":"standard","meta":{"footnotes":""},"categories":[164,24],"tags":[163],"class_list":["post-15690","post","type-post","status-publish","format-standard","has-post-thumbnail","hentry","category-164","category-articles","tag-actualites-2024seminaire"],"_links":{"self":[{"href":"https:\/\/dgpe.gouv.ci\/fr\/wp-json\/wp\/v2\/posts\/15690","targetHints":{"allow":["GET"]}}],"collection":[{"href":"https:\/\/dgpe.gouv.ci\/fr\/wp-json\/wp\/v2\/posts"}],"about":[{"href":"https:\/\/dgpe.gouv.ci\/fr\/wp-json\/wp\/v2\/types\/post"}],"author":[{"embeddable":true,"href":"https:\/\/dgpe.gouv.ci\/fr\/wp-json\/wp\/v2\/users\/1"}],"replies":[{"embeddable":true,"href":"https:\/\/dgpe.gouv.ci\/fr\/wp-json\/wp\/v2\/comments?post=15690"}],"version-history":[{"count":0,"href":"https:\/\/dgpe.gouv.ci\/fr\/wp-json\/wp\/v2\/posts\/15690\/revisions"}],"wp:featuredmedia":[{"embeddable":true,"href":"https:\/\/dgpe.gouv.ci\/fr\/wp-json\/wp\/v2\/media\/15692"}],"wp:attachment":[{"href":"https:\/\/dgpe.gouv.ci\/fr\/wp-json\/wp\/v2\/media?parent=15690"}],"wp:term":[{"taxonomy":"category","embeddable":true,"href":"https:\/\/dgpe.gouv.ci\/fr\/wp-json\/wp\/v2\/categories?post=15690"},{"taxonomy":"post_tag","embeddable":true,"href":"https:\/\/dgpe.gouv.ci\/fr\/wp-json\/wp\/v2\/tags?post=15690"}],"curies":[{"name":"wp","href":"https:\/\/api.w.org\/{rel}","templated":true}]}}