{"id":15696,"date":"2025-07-28T00:41:58","date_gmt":"2025-07-28T00:41:58","guid":{"rendered":"https:\/\/dgpe.gouv.ci\/fr\/?p=15696"},"modified":"2025-08-13T02:13:22","modified_gmt":"2025-08-13T02:13:22","slug":"journee-internationale-de-lutte-contre-la-corruption-la-haute-autorite-pour-la-bonne-gouvernance-habg-sensibilise-les-entreprises-a-la-pratique-de-lethique-dans-la-gouvernance","status":"publish","type":"post","link":"https:\/\/dgpe.gouv.ci\/fr\/journee-internationale-de-lutte-contre-la-corruption-la-haute-autorite-pour-la-bonne-gouvernance-habg-sensibilise-les-entreprises-a-la-pratique-de-lethique-dans-la-gouvernance\/","title":{"rendered":"JOURNEE INTERNATIONALE DE LUTTE CONTRE LA CORRUPTION : La Haute Autorit\u00e9 pour la Bonne Gouvernance (HABG) sensibilise les entreprises \u00e0 la pratique de l\u2019\u00e9thique dans la gouvernance"},"content":{"rendered":"\t\t<div data-elementor-type=\"wp-post\" data-elementor-id=\"15696\" class=\"elementor elementor-15696\" data-elementor-post-type=\"post\">\n\t\t\t\t\t\t<section data-exad-particle-enable=\"false\" class=\"elementor-section elementor-top-section elementor-element elementor-element-9a19e77 elementor-section-boxed elementor-section-height-default elementor-section-height-default exad-parallax-effect-no exad-background-color-change-no exad-glass-effect-no exad-sticky-section-no\" data-id=\"9a19e77\" data-element_type=\"section\" data-e-type=\"section\">\n\t\t\t\t\t\t<div class=\"elementor-container elementor-column-gap-default\">\n\t\t\t\t\t<div class=\"elementor-column elementor-col-100 elementor-top-column elementor-element elementor-element-40bddb9c exad-glass-effect-no exad-sticky-section-no\" data-id=\"40bddb9c\" data-element_type=\"column\" data-e-type=\"column\">\n\t\t\t<div class=\"elementor-widget-wrap elementor-element-populated\">\n\t\t\t\t\t\t<div class=\"elementor-element elementor-element-11981b8b exad-sticky-section-no exad-glass-effect-no elementor-widget elementor-widget-text-editor\" data-id=\"11981b8b\" data-element_type=\"widget\" data-e-type=\"widget\" data-widget_type=\"text-editor.default\">\n\t\t\t\t<div class=\"elementor-widget-container\">\n\t\t\t\t\t\t\t\t\t<p>A l\u2019instar des Etats signataires de la convention de l\u2019Union Africaine sur la pr\u00e9vention et la lutte contre la corruption, <strong>la Haute Autorit\u00e9 pour la Bonne Gouvernance (HABG)<\/strong> a organis\u00e9, ce vendredi 11 juillet 2025, la journ\u00e9e Africaine de lutte contre la corruption sur le th\u00e8me\u00a0: \u00ab\u00a0Promouvoir la dignit\u00e9 humaine dans la lutte contre la corruption\u00a0\u00bb \u00e0 l\u2019Auditorium du Minist\u00e8re des affaires \u00e9trang\u00e8res.<\/p><p>La c\u00e9l\u00e9bration de cette journ\u00e9e internationale a pour objectif strat\u00e9gique la sensibilisation et l\u2019\u00e9change sur les dispositifs anticorruptions comme levier de performance \u00e9conomique, de comp\u00e9titivit\u00e9 et de justice sociale dans les entreprises.<\/p><p>Cette activit\u00e9 plac\u00e9e sous le Parrainage <strong>du Premier Ministre, Chef du Gouvernement<\/strong>, repr\u00e9sent\u00e9 par le <strong>Pr\u00e9sident du Conseil Economique, Social, Environnemental et Culturel (CESEC)<\/strong> <strong>Dr AKA Aoul\u00e9<\/strong>, a enregistr\u00e9 la pr\u00e9sence du <strong>Ministre du Patrimoine, du Portefeuille de l\u2019Etat et des Entreprises Publiques (MPPEEP)<\/strong>, des \u00e9lus de collectivit\u00e9 territoriale, des dirigeants d\u2019entreprises priv\u00e9es et un parterre d\u2019autorit\u00e9.<\/p><p>A l\u2019occasion plusieurs sous activit\u00e9s ont meubl\u00e9 cette journ\u00e9e dont le panel auquel le <strong>Directeur G\u00e9n\u00e9ral du Portefeuille de l\u2019Etat (DGPE)<\/strong> Monsieur <strong>Bamba Seydou<\/strong> a pris part en qualit\u00e9 de paneliste avec Monsieur <strong>Harouna BAGAYOGO Directeur G\u00e9n\u00e9ral du Groupement des Services Eau et Electricit\u00e9 (DGS2E), <\/strong>Monsieur<strong> Julien DESCHAMPS de Kroll International et <\/strong>Monsieur<strong> Philippe N\u2019DRI du Fonds de D\u00e9veloppement de la Formation Professionnelle (FDFP).<\/strong> Ce panel avait pour sous-th\u00e8me\u00a0: \u00ab\u00a0Performances \u00e9conomiques et \u00e9thique d\u2019entreprise\u00a0: b\u00e2tir une comp\u00e9titivit\u00e9 fond\u00e9e sur les valeurs d\u2019int\u00e9grit\u00e9 et de responsabilit\u00e9\u00a0\u00bb.<\/p><p>Pour son intervention, le DGPE, a d\u2019embl\u00e9e, pr\u00e9sent\u00e9 le Portefeuille de l\u2019Etat et indiqu\u00e9 que d\u00e8s 2011, l\u2019\u00e9tat des lieux de la gouvernance des entreprises publiques a r\u00e9v\u00e9l\u00e9 plusieurs insuffisances, depuis lors en vue d\u2019assainir les finances publiques et de lutter efficacement contre la corruption, le Gouvernement a instaur\u00e9 une politique optimale de gestion du Portefeuille de l\u2019\u00e9tat en adoptant diverses mesures.<\/p><p>Ces mesures ont permis une nette am\u00e9lioration de la gouvernance, qui s\u2019est traduit par une \u00e9volution des dividendes (net d\u2019IRVM) per\u00e7us par l\u2019Etat, qui se sont significativement am\u00e9lior\u00e9s, passant de <strong>20,2 milliards FCFA en 2011 \u00e0 69,8 milliards FCFA en 2023,<\/strong> conjointement \u00e0 une am\u00e9lioration du taux de tenue des Assembl\u00e9es G\u00e9n\u00e9rales dans les d\u00e9lais r\u00e9glementaires.<\/p><p>Monsieur <strong>BAMBA Seydou<\/strong> a \u00e9galement indiqu\u00e9 que des dispositifs de conformit\u00e9 anticorruption dans la gestion du portefeuille de l\u2019\u00c9tat, sous l\u2019autorit\u00e9 du <strong>Ministre du Patrimoine, du Portefeuille de l\u2019Etat et des Entreprises Publiques <\/strong>Monsieur <strong>Moussa SANOGO<\/strong>, ont \u00e9t\u00e9 prises afin d\u2019int\u00e9grer au mieux l\u2019\u00e9thique, la transparence dans la gouvernance des Entreprises.<\/p><p>Pour le mot de fin le Pr\u00e9sident de l\u2019institution <strong>SEM Epiphane ZORO BI BALLO<\/strong> a invit\u00e9 les entreprises \u00e0 faire de l\u2019\u00e9thique un levier de comp\u00e9titivit\u00e9.\u00a0<\/p><p>Cette journ\u00e9e plac\u00e9e sur le signe de la transparence et de la confiance, a tenu toutes ses promesses. Elle a pris fin par un d\u00e9jeuner ouvert \u00e0 tous les participants.<\/p>\t\t\t\t\t\t\t\t<\/div>\n\t\t\t\t<\/div>\n\t\t\t\t\t<\/div>\n\t\t<\/div>\n\t\t\t\t\t<\/div>\n\t\t<\/section>\n\t\t\t\t<\/div>\n\t\t","protected":false},"excerpt":{"rendered":"<p>A l\u2019instar des Etats signataires de la convention de l\u2019Union Africaine sur la pr\u00e9vention et la lutte contre la corruption, la Haute Autorit\u00e9 pour la Bonne Gouvernance (HABG) a organis\u00e9, ce vendredi 11 juillet 2025, la journ\u00e9e Africaine de lutte contre la corruption sur le th\u00e8me\u00a0: \u00ab\u00a0Promouvoir la dignit\u00e9 humaine [&hellip;]<\/p>\n","protected":false},"author":1,"featured_media":15698,"comment_status":"closed","ping_status":"closed","sticky":false,"template":"","format":"standard","meta":{"footnotes":""},"categories":[164,24],"tags":[176],"class_list":["post-15696","post","type-post","status-publish","format-standard","has-post-thumbnail","hentry","category-164","category-articles","tag-actualites-2025"],"_links":{"self":[{"href":"https:\/\/dgpe.gouv.ci\/fr\/wp-json\/wp\/v2\/posts\/15696","targetHints":{"allow":["GET"]}}],"collection":[{"href":"https:\/\/dgpe.gouv.ci\/fr\/wp-json\/wp\/v2\/posts"}],"about":[{"href":"https:\/\/dgpe.gouv.ci\/fr\/wp-json\/wp\/v2\/types\/post"}],"author":[{"embeddable":true,"href":"https:\/\/dgpe.gouv.ci\/fr\/wp-json\/wp\/v2\/users\/1"}],"replies":[{"embeddable":true,"href":"https:\/\/dgpe.gouv.ci\/fr\/wp-json\/wp\/v2\/comments?post=15696"}],"version-history":[{"count":0,"href":"https:\/\/dgpe.gouv.ci\/fr\/wp-json\/wp\/v2\/posts\/15696\/revisions"}],"wp:featuredmedia":[{"embeddable":true,"href":"https:\/\/dgpe.gouv.ci\/fr\/wp-json\/wp\/v2\/media\/15698"}],"wp:attachment":[{"href":"https:\/\/dgpe.gouv.ci\/fr\/wp-json\/wp\/v2\/media?parent=15696"}],"wp:term":[{"taxonomy":"category","embeddable":true,"href":"https:\/\/dgpe.gouv.ci\/fr\/wp-json\/wp\/v2\/categories?post=15696"},{"taxonomy":"post_tag","embeddable":true,"href":"https:\/\/dgpe.gouv.ci\/fr\/wp-json\/wp\/v2\/tags?post=15696"}],"curies":[{"name":"wp","href":"https:\/\/api.w.org\/{rel}","templated":true}]}}