{"id":16030,"date":"2025-10-08T00:31:14","date_gmt":"2025-10-08T00:31:14","guid":{"rendered":"https:\/\/dgpe.gouv.ci\/fr\/?p=16030"},"modified":"2025-10-08T10:47:25","modified_gmt":"2025-10-08T10:47:25","slug":"ceremonie-de-remise-du-prix-national-dexcellence-aux-laureats-classes-2eme-et-3eme-du-ministere-du-patrimoine-du-portefeuille-de-letat-et-des-entreprises-publiques-mppeep","status":"publish","type":"post","link":"https:\/\/dgpe.gouv.ci\/fr\/ceremonie-de-remise-du-prix-national-dexcellence-aux-laureats-classes-2eme-et-3eme-du-ministere-du-patrimoine-du-portefeuille-de-letat-et-des-entreprises-publiques-mppeep\/","title":{"rendered":"C\u00e9r\u00e9monie de remise du Prix National d\u2019Excellence aux Laur\u00e9ats class\u00e9s 2\u00e8me et 3\u00e8me du Minist\u00e8re du Patrimoine, du Portefeuille de l\u2019Etat et des Entreprises Publiques (MPPEEP)"},"content":{"rendered":"\t\t<div data-elementor-type=\"wp-post\" data-elementor-id=\"16030\" class=\"elementor elementor-16030\" data-elementor-post-type=\"post\">\n\t\t\t\t\t\t<section data-exad-particle-enable=\"false\" class=\"elementor-section elementor-top-section elementor-element elementor-element-120b543c elementor-section-boxed elementor-section-height-default elementor-section-height-default exad-parallax-effect-no exad-background-color-change-no exad-glass-effect-no exad-sticky-section-no\" data-id=\"120b543c\" data-element_type=\"section\" data-e-type=\"section\">\n\t\t\t\t\t\t<div class=\"elementor-container elementor-column-gap-default\">\n\t\t\t\t\t<div class=\"elementor-column elementor-col-100 elementor-top-column elementor-element elementor-element-20c7469b exad-glass-effect-no exad-sticky-section-no\" data-id=\"20c7469b\" data-element_type=\"column\" data-e-type=\"column\">\n\t\t\t<div class=\"elementor-widget-wrap elementor-element-populated\">\n\t\t\t\t\t\t<div class=\"elementor-element elementor-element-11a6f4d6 exad-sticky-section-no exad-glass-effect-no elementor-widget elementor-widget-text-editor\" data-id=\"11a6f4d6\" data-element_type=\"widget\" data-e-type=\"widget\" data-widget_type=\"text-editor.default\">\n\t\t\t\t<div class=\"elementor-widget-container\">\n\t\t\t\t\t\t\t\t\t<p>Il s\u2019est tenu ce jeudi 25 septembre 2025, \u00e0 la salle des f\u00eates du 20<sup>\u00e8me<\/sup>\u00a0\u00a0 \u00a0\u00e9tage de l\u2019immeuble SCIAM, <strong>la c\u00e9r\u00e9monie de remise du Prix National d\u2019Excellence aux Laur\u00e9ats class\u00e9s 2<sup>\u00e8me<\/sup> et 3<sup>\u00e8me<\/sup> du Minist\u00e8re du Patrimoine, du Portefeuille de l\u2019Etat et des Entreprises Publiques (MPPEEP).<\/strong><\/p><p>Cette c\u00e9r\u00e9monie de distinction visant la culture de l\u2019excellence et du travail bien fait, a \u00e9t\u00e9 pr\u00e9sid\u00e9e par le <strong>Ministre du Patrimoine, du Portefeuille de l\u2019Etat et des Entreprises Publiques<\/strong>, en pr\u00e9sence de monsieur BAMBA Seydou Directeur General du Portefeuille de l\u2019Etat. Elle a aussi vu la pr\u00e9sence de la repr\u00e9sentante du Secr\u00e9taire permanent dudit prix au Secr\u00e9tariat du Gouvernement, le Directeur G\u00e9n\u00e9ral de la SONAPIE, les membres du cabinet, le comit\u00e9 de direction de la DGPE et les familles des laur\u00e9ats.<\/p><p>Elle fait suite au Prix National d\u2019Excellence (PNE) c\u00e9l\u00e9br\u00e9 le lundi 06 ao\u00fbt dernier \u00e0 la salle des Pas perdus de la Pr\u00e9sidence, \u00e0 l\u2019occasion de cette c\u00e9l\u00e9bration le prix du \u00ab\u00a0meilleur Agent du suivi du Portefeuille\u00a0\u00bb avait \u00e9t\u00e9 d\u00e9cern\u00e9 \u00e0 Monsieur <strong>BAMBA Mory Junior<\/strong>.<\/p><p>Ainsi, ce jour met \u00e0 l\u2019honneur le 2<sup>\u00e8me<\/sup> et 3<sup>\u00e8me<\/sup> dudit prix, M.\u00a0<strong>BONI Tano Alphonse,<\/strong> Chef de service Transport terrestre \u00e0 la Direction du Portefeuille charg\u00e9 du Secteur Tertiaire (DPST), a remport\u00e9 le Prix du 2<sup>\u00e8me<\/sup> meilleur Agent du suivi du Portefeuille, suivi de Mme\u00a0<strong>Astou DOUCOURE \u00e9pouse DOUMBIA,<\/strong> Sous-directrice Gouvernance \u00e0 la Direction de la Strat\u00e9gie et de l\u2019Expertise (DSE).<\/p><p>S\u2019adressant aux distingu\u00e9s, Monsieur <strong>Moussa SANOGO,<\/strong> Ministre du Patrimoine, du Portefeuille de l\u2019Etat et des Entreprises Publiques, a f\u00e9licit\u00e9 les Laur\u00e9ats du jour. \u00a0Il a, par ailleurs, lanc\u00e9 un appel solennel \u00e0 tous ses collaborateurs en indiquant\u00a0que : \u00ab\u00a0le travail bien fait et le sens de l\u2019initiative, la loyaut\u00e9 dans le service public et la recherche permanente de l\u2019excellence doivent devenir notre boussole quotidienne\u00a0\u00bb.<\/p><p>Le Ministre a clos ces propos en exhortant ses collaborateurs, \u00e0 redoubler de plus de dynamisme au travail, \u00e0 cultiver l\u2019esprit d\u2019\u00e9quipe et \u00e0 toujours viser l\u2019excellence dans leurs missions. Pour lui donc, ce n\u2019est qu\u2019\u00e0 ce prix que nous b\u00e2tirons une administration performante et cr\u00e9dible.<\/p><p>Prenant la parole au nom des Laur\u00e9ats du jour, M. BONI a exprim\u00e9 toute leurs gratitude et sinc\u00e8re remerciement au Ministre\u00a0pour son engagement pour l\u2019excellence et le travail bien fait. Pour eux, cette distinction n\u2019est pas qu\u2019un simple prix, mais un appel \u00e0 plus de responsabilit\u00e9 et d\u2019efficacit\u00e9 dans le travail.<\/p><p>La c\u00e9r\u00e9monie de distinction a pris fin par un cocktail.<\/p>\t\t\t\t\t\t\t\t<\/div>\n\t\t\t\t<\/div>\n\t\t\t\t\t<\/div>\n\t\t<\/div>\n\t\t\t\t\t<\/div>\n\t\t<\/section>\n\t\t\t\t<\/div>\n\t\t","protected":false},"excerpt":{"rendered":"<p>Il s\u2019est tenu ce jeudi 25 septembre 2025, \u00e0 la salle des f\u00eates du 20\u00e8me\u00a0\u00a0 \u00a0\u00e9tage de l\u2019immeuble SCIAM, la c\u00e9r\u00e9monie de remise du Prix National d\u2019Excellence aux Laur\u00e9ats class\u00e9s 2\u00e8me et 3\u00e8me du Minist\u00e8re du Patrimoine, du Portefeuille de l\u2019Etat et des Entreprises Publiques (MPPEEP). Cette c\u00e9r\u00e9monie de distinction [&hellip;]<\/p>\n","protected":false},"author":1,"featured_media":16036,"comment_status":"closed","ping_status":"closed","sticky":false,"template":"","format":"standard","meta":{"footnotes":""},"categories":[164,24],"tags":[176],"class_list":["post-16030","post","type-post","status-publish","format-standard","has-post-thumbnail","hentry","category-164","category-articles","tag-actualites-2025"],"_links":{"self":[{"href":"https:\/\/dgpe.gouv.ci\/fr\/wp-json\/wp\/v2\/posts\/16030","targetHints":{"allow":["GET"]}}],"collection":[{"href":"https:\/\/dgpe.gouv.ci\/fr\/wp-json\/wp\/v2\/posts"}],"about":[{"href":"https:\/\/dgpe.gouv.ci\/fr\/wp-json\/wp\/v2\/types\/post"}],"author":[{"embeddable":true,"href":"https:\/\/dgpe.gouv.ci\/fr\/wp-json\/wp\/v2\/users\/1"}],"replies":[{"embeddable":true,"href":"https:\/\/dgpe.gouv.ci\/fr\/wp-json\/wp\/v2\/comments?post=16030"}],"version-history":[{"count":0,"href":"https:\/\/dgpe.gouv.ci\/fr\/wp-json\/wp\/v2\/posts\/16030\/revisions"}],"wp:featuredmedia":[{"embeddable":true,"href":"https:\/\/dgpe.gouv.ci\/fr\/wp-json\/wp\/v2\/media\/16036"}],"wp:attachment":[{"href":"https:\/\/dgpe.gouv.ci\/fr\/wp-json\/wp\/v2\/media?parent=16030"}],"wp:term":[{"taxonomy":"category","embeddable":true,"href":"https:\/\/dgpe.gouv.ci\/fr\/wp-json\/wp\/v2\/categories?post=16030"},{"taxonomy":"post_tag","embeddable":true,"href":"https:\/\/dgpe.gouv.ci\/fr\/wp-json\/wp\/v2\/tags?post=16030"}],"curies":[{"name":"wp","href":"https:\/\/api.w.org\/{rel}","templated":true}]}}