{"id":16261,"date":"2025-12-06T12:24:11","date_gmt":"2025-12-06T12:24:11","guid":{"rendered":"https:\/\/dgpe.gouv.ci\/fr\/?p=16261"},"modified":"2025-12-06T12:28:17","modified_gmt":"2025-12-06T12:28:17","slug":"la-direction-generale-du-portefeuille-de-letat-presente-les-conditions-dacquisition-des-biens-et-services-des-entreprises-publiques-et-agences-dexecution-et-propose-des-pers","status":"publish","type":"post","link":"https:\/\/dgpe.gouv.ci\/fr\/la-direction-generale-du-portefeuille-de-letat-presente-les-conditions-dacquisition-des-biens-et-services-des-entreprises-publiques-et-agences-dexecution-et-propose-des-pers\/","title":{"rendered":"LA DIRECTION GENERALE DU PORTEFEUILLE DE L\u2019ETAT PRESENTE LES CONDITIONS D\u2019ACQUISITION DES BIENS ET SERVICES DES ENTREPRISES PUBLIQUES ET AGENCES D\u2019EXECUTION ET PROPOSE DES PERSPECTIVES DE SOLUTIONS"},"content":{"rendered":"\t\t<div data-elementor-type=\"wp-post\" data-elementor-id=\"16261\" class=\"elementor elementor-16261\" data-elementor-post-type=\"post\">\n\t\t\t\t\t\t<section data-exad-particle-enable=\"false\" class=\"elementor-section elementor-top-section elementor-element elementor-element-263bc636 elementor-section-boxed elementor-section-height-default elementor-section-height-default exad-parallax-effect-no exad-background-color-change-no exad-glass-effect-no exad-sticky-section-no\" data-id=\"263bc636\" data-element_type=\"section\" data-e-type=\"section\">\n\t\t\t\t\t\t<div class=\"elementor-container elementor-column-gap-default\">\n\t\t\t\t\t<div class=\"elementor-column elementor-col-100 elementor-top-column elementor-element elementor-element-43930f68 exad-glass-effect-no exad-sticky-section-no\" data-id=\"43930f68\" data-element_type=\"column\" data-e-type=\"column\">\n\t\t\t<div class=\"elementor-widget-wrap elementor-element-populated\">\n\t\t\t\t\t\t<div class=\"elementor-element elementor-element-5b187a6f exad-sticky-section-no exad-glass-effect-no elementor-widget elementor-widget-text-editor\" data-id=\"5b187a6f\" data-element_type=\"widget\" data-e-type=\"widget\" data-widget_type=\"text-editor.default\">\n\t\t\t\t<div class=\"elementor-widget-container\">\n\t\t\t\t\t\t\t\t\t<p>Le Minist\u00e8re du Patrimoine, du Portefeuille de l\u2019Etat et des Entreprises Publiques (MPPEEP) a organis\u00e9 le jeudi 20 novembre 2025, avec la Direction G\u00e9n\u00e9rale du Portefeuille de l\u2019Etat (DGPE), un atelier de r\u00e9flexion sur le th\u00e8me <strong>\u00ab\u00a0Conditions d\u2019acquisition des march\u00e9s publiques des biens et services des entreprises publiques et agences d\u2019ex\u00e9cution\u00a0: \u00e9tat des lieux et perspectives \u00bb<\/strong> \u00e0 l\u2019h\u00f4tel IVOTEL, sis au Plateau.<\/p><p>Cet atelier, plac\u00e9 sous la pr\u00e9sidence de monsieur Moussa SANOGO, <strong>Ministre du Patrimoine, du Portefeuille de l\u2019Etat et des Entreprises Publiques<\/strong>, s\u2019est tenu en pr\u00e9sence de monsieur BAMBA Seydou, <strong>Directeur G\u00e9n\u00e9ral du Portefeuille de l\u2019Etat<\/strong>, monsieur Marcelin BOHOUSSOU, <strong>Directeur G\u00e9n\u00e9ral Adjoint de la Direction G\u00e9n\u00e9rale des March\u00e9s Publiques (DGMP)<\/strong> et l\u2019ensemble des repr\u00e9sentants des entreprises publiques ainsi que des agences d\u2019ex\u00e9cution assujetties aux codes du march\u00e9.<\/p><p>Cet atelier visait \u00e0 identifier les probl\u00e9matiques rencontr\u00e9es par les entreprises publiques et les agences d\u2019ex\u00e9cution dans le cadre des march\u00e9s publiques, \u00e9valuer leurs impacts sur la performance de celles-ci et proposer des solutions durables pour am\u00e9liorer l\u2019acquisition des biens et services.<\/p><p>Le Ministre Moussa SANOGO s\u2019est r\u00e9joui de la tenue de cet atelier, qui permet de clarifier collectivement certaines questions souvent li\u00e9es au p\u00e9rim\u00e8tre d\u2019intervention ou aux m\u00e9canismes op\u00e9rationnels.<\/p><p>Il a notifi\u00e9 l\u2019importance d\u2019un dialogue constructif entre l\u2019administration des march\u00e9s publiques et les entreprises publiques, afin de garantir une d\u00e9pense publique efficace et d\u2019adapter les m\u00e9canismes de contr\u00f4le aux r\u00e9alit\u00e9s du terrain.<\/p><p>Pour le Ministre, il faut renforcer la comp\u00e9titivit\u00e9 des entreprises publiques et les agences d\u2019ex\u00e9cution dans un environnement d\u00e9sormais fortement concurrentiel.<\/p><p>Le Directeur G\u00e9n\u00e9ral a, pour sa part, souhait\u00e9 la bienvenue aux participants, avant de pr\u00e9ciser que\u00a0: \u00ab\u00a0le th\u00e8me de cet atelier rev\u00eat un int\u00e9r\u00eat strat\u00e9gique pour l\u2019am\u00e9lioration de la gouvernance et de la performance des entreprises du portefeuille de l\u2019\u00e9tat \u00bb.<\/p><p>Il a \u00e9galement pr\u00e9cis\u00e9 que\u00a0: \u00ab\u00a0ces contraintes si elles ne sont pas analys\u00e9es, avec lucidit\u00e9, peuvent devenir des freins majeurs \u00e0 la performance \u00bb. De plus, a-t-il signifi\u00e9 que\u00a0: \u00ab\u00a0il nous revient donc ensemble, d\u2019\u00e9clairer le chemin des r\u00e9formes \u00e0 conduire \u00bb.<\/p><p>Il faut noter qu\u2019une centaine de participants venant des entreprises publiques, des agences d\u2019ex\u00e9cution, des repr\u00e9sentants de la DGMP ainsi que des sectorielles de la DGPE ont particip\u00e9 \u00e0 des travaux en commissions.<\/p><p>Apr\u00e8s des \u00e9changes fructueux entre participants, la restitution des travaux a \u00e9t\u00e9 effectu\u00e9e sous la pr\u00e9sidence du Directeur G\u00e9n\u00e9ral, qui, prenant la parole au nom du Ministre, a remerci\u00e9 les participants pour la qualit\u00e9 des r\u00e9sultats obtenus en atelier.<\/p><p>C\u2019est sur cette note que l\u2019atelier de r\u00e9flexion, de ce jour a pris fin.<\/p>\t\t\t\t\t\t\t\t<\/div>\n\t\t\t\t<\/div>\n\t\t\t\t\t<\/div>\n\t\t<\/div>\n\t\t\t\t\t<\/div>\n\t\t<\/section>\n\t\t\t\t<\/div>\n\t\t","protected":false},"excerpt":{"rendered":"<p>Le Minist\u00e8re du Patrimoine, du Portefeuille de l\u2019Etat et des Entreprises Publiques (MPPEEP) a organis\u00e9 le jeudi 20 novembre 2025, avec la Direction G\u00e9n\u00e9rale du Portefeuille de l\u2019Etat (DGPE), un atelier de r\u00e9flexion sur le th\u00e8me \u00ab\u00a0Conditions d\u2019acquisition des march\u00e9s publiques des biens et services des entreprises publiques et agences [&hellip;]<\/p>\n","protected":false},"author":1,"featured_media":16263,"comment_status":"closed","ping_status":"closed","sticky":false,"template":"","format":"standard","meta":{"footnotes":""},"categories":[164,24],"tags":[176],"class_list":["post-16261","post","type-post","status-publish","format-standard","has-post-thumbnail","hentry","category-164","category-articles","tag-actualites-2025"],"_links":{"self":[{"href":"https:\/\/dgpe.gouv.ci\/fr\/wp-json\/wp\/v2\/posts\/16261","targetHints":{"allow":["GET"]}}],"collection":[{"href":"https:\/\/dgpe.gouv.ci\/fr\/wp-json\/wp\/v2\/posts"}],"about":[{"href":"https:\/\/dgpe.gouv.ci\/fr\/wp-json\/wp\/v2\/types\/post"}],"author":[{"embeddable":true,"href":"https:\/\/dgpe.gouv.ci\/fr\/wp-json\/wp\/v2\/users\/1"}],"replies":[{"embeddable":true,"href":"https:\/\/dgpe.gouv.ci\/fr\/wp-json\/wp\/v2\/comments?post=16261"}],"version-history":[{"count":4,"href":"https:\/\/dgpe.gouv.ci\/fr\/wp-json\/wp\/v2\/posts\/16261\/revisions"}],"predecessor-version":[{"id":16266,"href":"https:\/\/dgpe.gouv.ci\/fr\/wp-json\/wp\/v2\/posts\/16261\/revisions\/16266"}],"wp:featuredmedia":[{"embeddable":true,"href":"https:\/\/dgpe.gouv.ci\/fr\/wp-json\/wp\/v2\/media\/16263"}],"wp:attachment":[{"href":"https:\/\/dgpe.gouv.ci\/fr\/wp-json\/wp\/v2\/media?parent=16261"}],"wp:term":[{"taxonomy":"category","embeddable":true,"href":"https:\/\/dgpe.gouv.ci\/fr\/wp-json\/wp\/v2\/categories?post=16261"},{"taxonomy":"post_tag","embeddable":true,"href":"https:\/\/dgpe.gouv.ci\/fr\/wp-json\/wp\/v2\/tags?post=16261"}],"curies":[{"name":"wp","href":"https:\/\/api.w.org\/{rel}","templated":true}]}}