{"id":16267,"date":"2025-12-06T12:33:10","date_gmt":"2025-12-06T12:33:10","guid":{"rendered":"https:\/\/dgpe.gouv.ci\/fr\/?p=16267"},"modified":"2025-12-10T00:09:49","modified_gmt":"2025-12-10T00:09:49","slug":"apres-le-gabon-la-direction-generale-du-portefeuille-de-letat-recoit-la-direction-generale-du-portefeuille-public-de-la-republique-democratique-du-congo","status":"publish","type":"post","link":"https:\/\/dgpe.gouv.ci\/fr\/apres-le-gabon-la-direction-generale-du-portefeuille-de-letat-recoit-la-direction-generale-du-portefeuille-public-de-la-republique-democratique-du-congo\/","title":{"rendered":"LA DIRECTION GENERALE DU PORTEFEUILLE PUBLIC DE LA R\u00c9PUBLIQUE D\u00c9MOCRATIQUE DU CONGO DANS LES MURS DE LA DIRECTION GENERALE DU PORTEFEUILLE\u00a0DE\u00a0L&rsquo;ETAT"},"content":{"rendered":"\t\t<div data-elementor-type=\"wp-post\" data-elementor-id=\"16267\" class=\"elementor elementor-16267\" data-elementor-post-type=\"post\">\n\t\t\t\t\t\t<section data-exad-particle-enable=\"false\" class=\"elementor-section elementor-top-section elementor-element elementor-element-189cd66d elementor-section-boxed elementor-section-height-default elementor-section-height-default exad-parallax-effect-no exad-background-color-change-no exad-glass-effect-no exad-sticky-section-no\" data-id=\"189cd66d\" data-element_type=\"section\" data-e-type=\"section\">\n\t\t\t\t\t\t<div class=\"elementor-container elementor-column-gap-default\">\n\t\t\t\t\t<div class=\"elementor-column elementor-col-100 elementor-top-column elementor-element elementor-element-6fe1d527 exad-glass-effect-no exad-sticky-section-no\" data-id=\"6fe1d527\" data-element_type=\"column\" data-e-type=\"column\">\n\t\t\t<div class=\"elementor-widget-wrap elementor-element-populated\">\n\t\t\t\t\t\t<div class=\"elementor-element elementor-element-4847c0ce exad-sticky-section-no exad-glass-effect-no elementor-widget elementor-widget-text-editor\" data-id=\"4847c0ce\" data-element_type=\"widget\" data-e-type=\"widget\" data-widget_type=\"text-editor.default\">\n\t\t\t\t<div class=\"elementor-widget-container\">\n\t\t\t\t\t\t\t\t\t<p><strong>Le<\/strong> <strong>Directeur G\u00e9n\u00e9ral du Portefeuille de l\u2019Etat <\/strong>monsieur<strong> BAMBA Seydou <\/strong>(DGPE) a re\u00e7u, ce mardi 25 novembre 2025, au sein de sa Direction, sis au Plateau, tour B 3\u00e8me \u00e9tage, une d\u00e9l\u00e9gation de la <strong>Direction G\u00e9n\u00e9rale du Portefeuille Public de la R\u00e9publique D\u00e9mocratique de Congo-Brazzaville<\/strong>.<\/p><p>Cette d\u00e9l\u00e9gation conduite par Madame<strong> NGUESSO MOUANDE Karine Emma<\/strong> <strong>Directrice G\u00e9n\u00e9rale<\/strong> <strong>du Portefeuille Public(DGPP)<\/strong> \u00e9tait compos\u00e9e de monsieur ONDONGO Brice (Conseiller au Portefeuille aupr\u00e8s du Ministre des Finances, du Budget et du Portefeuille Public), monsieur TCHOUMOU Jonas (Directeur des Strat\u00e9gies de D\u00e9veloppement des Entreprises et Etablissements Publics), monsieur NGOMA Mboukou Wilfried (Expert Consultant aupr\u00e8s de la Direction G\u00e9n\u00e9rale du Portefeuille Public), monsieur SITOU Maxime (Expert Consultant aupr\u00e8s de la Direction G\u00e9n\u00e9rale du Portefeuille Public).<\/p><p>Cette mission de benchmarking, qui s\u2019est tenue sur trois (03) jours, pour la DGPP, visait \u00e0 s\u2019impr\u00e9gner du mod\u00e8le ivoirien de la gestion du portefeuille en vue de capitaliser les acquis de ses exp\u00e9riences dans sa direction.<\/p><p>Le Directeur G\u00e9n\u00e9ral a re\u00e7u cette d\u00e9l\u00e9gation en pr\u00e9sence de son comit\u00e9 de Direction compos\u00e9 de ses Directeurs.<\/p><p>Durant ces trois jours, des activit\u00e9s ont meubl\u00e9 le s\u00e9jour de la d\u00e9l\u00e9gation de la Direction G\u00e9n\u00e9rale du Portefeuille Public (DGPP) du Congo, \u00e0 savoir des pr\u00e9sentations et \u00e9changes fructueux sur le pilotage de la performance des entreprises publiques, la contractualisation, la gouvernance des entit\u00e9s du portefeuille de l\u2019Etat, la r\u00e9forme du cadre juridique, le cadre organisationnel de la DGPE etc.<\/p><p>Le Directeur G\u00e9n\u00e9ral a offert un diner \u00e0 ses illustres invit\u00e9s, au cours duquel, il a offert des pr\u00e9sents en guise de souvenir de leur passage dans notre pays.<\/p><p>Prenant la parole au nom de la d\u00e9l\u00e9gation Madame N\u2019GUESSO MOUANDE a exprim\u00e9 ses remerciements \u00e0 Monsieur BAMBA Seydou et son comit\u00e9 de direction.<\/p><p>C\u2019est sur une note de gaiet\u00e9 que la mission a pris fin.<\/p>\t\t\t\t\t\t\t\t<\/div>\n\t\t\t\t<\/div>\n\t\t\t\t\t<\/div>\n\t\t<\/div>\n\t\t\t\t\t<\/div>\n\t\t<\/section>\n\t\t\t\t<\/div>\n\t\t","protected":false},"excerpt":{"rendered":"<p>Le Directeur G\u00e9n\u00e9ral du Portefeuille de l\u2019Etat monsieur BAMBA Seydou (DGPE) a re\u00e7u, ce mardi 25 novembre 2025, au sein de sa Direction, sis au Plateau, tour B 3\u00e8me \u00e9tage, une d\u00e9l\u00e9gation de la Direction G\u00e9n\u00e9rale du Portefeuille Public de la R\u00e9publique D\u00e9mocratique de Congo-Brazzaville. Cette d\u00e9l\u00e9gation conduite par Madame [&hellip;]<\/p>\n","protected":false},"author":1,"featured_media":16269,"comment_status":"closed","ping_status":"closed","sticky":false,"template":"","format":"standard","meta":{"footnotes":""},"categories":[164,24],"tags":[176],"class_list":["post-16267","post","type-post","status-publish","format-standard","has-post-thumbnail","hentry","category-164","category-articles","tag-actualites-2025"],"_links":{"self":[{"href":"https:\/\/dgpe.gouv.ci\/fr\/wp-json\/wp\/v2\/posts\/16267","targetHints":{"allow":["GET"]}}],"collection":[{"href":"https:\/\/dgpe.gouv.ci\/fr\/wp-json\/wp\/v2\/posts"}],"about":[{"href":"https:\/\/dgpe.gouv.ci\/fr\/wp-json\/wp\/v2\/types\/post"}],"author":[{"embeddable":true,"href":"https:\/\/dgpe.gouv.ci\/fr\/wp-json\/wp\/v2\/users\/1"}],"replies":[{"embeddable":true,"href":"https:\/\/dgpe.gouv.ci\/fr\/wp-json\/wp\/v2\/comments?post=16267"}],"version-history":[{"count":5,"href":"https:\/\/dgpe.gouv.ci\/fr\/wp-json\/wp\/v2\/posts\/16267\/revisions"}],"predecessor-version":[{"id":16282,"href":"https:\/\/dgpe.gouv.ci\/fr\/wp-json\/wp\/v2\/posts\/16267\/revisions\/16282"}],"wp:featuredmedia":[{"embeddable":true,"href":"https:\/\/dgpe.gouv.ci\/fr\/wp-json\/wp\/v2\/media\/16269"}],"wp:attachment":[{"href":"https:\/\/dgpe.gouv.ci\/fr\/wp-json\/wp\/v2\/media?parent=16267"}],"wp:term":[{"taxonomy":"category","embeddable":true,"href":"https:\/\/dgpe.gouv.ci\/fr\/wp-json\/wp\/v2\/categories?post=16267"},{"taxonomy":"post_tag","embeddable":true,"href":"https:\/\/dgpe.gouv.ci\/fr\/wp-json\/wp\/v2\/tags?post=16267"}],"curies":[{"name":"wp","href":"https:\/\/api.w.org\/{rel}","templated":true}]}}