{"id":16585,"date":"2026-01-21T10:48:20","date_gmt":"2026-01-21T10:48:20","guid":{"rendered":"https:\/\/dgpe.gouv.ci\/fr\/?p=16585"},"modified":"2026-03-16T22:57:23","modified_gmt":"2026-03-16T22:57:23","slug":"voeux-de-nouvel-an-le-directeur-general-du-portefeuille-de-letat-rend-visite-a-ses-agents-et-leur-souhaite-ses-meilleurs-voeux","status":"publish","type":"post","link":"https:\/\/dgpe.gouv.ci\/fr\/voeux-de-nouvel-an-le-directeur-general-du-portefeuille-de-letat-rend-visite-a-ses-agents-et-leur-souhaite-ses-meilleurs-voeux\/","title":{"rendered":"V\u0152UX DE NOUVEL AN  Le Directeur G\u00e9n\u00e9ral du Portefeuille de l\u2019Etat rend visite \u00e0 ses agents et leur souhaite ses meilleurs v\u0153ux"},"content":{"rendered":"\t\t<div data-elementor-type=\"wp-post\" data-elementor-id=\"16585\" class=\"elementor elementor-16585\" data-elementor-post-type=\"post\">\n\t\t\t\t\t\t<section data-exad-particle-enable=\"false\" class=\"elementor-section elementor-top-section elementor-element elementor-element-68e1a67b elementor-section-boxed elementor-section-height-default elementor-section-height-default exad-parallax-effect-no exad-background-color-change-no exad-glass-effect-no exad-sticky-section-no\" data-id=\"68e1a67b\" data-element_type=\"section\" data-e-type=\"section\">\n\t\t\t\t\t\t<div class=\"elementor-container elementor-column-gap-default\">\n\t\t\t\t\t<div class=\"elementor-column elementor-col-100 elementor-top-column elementor-element elementor-element-44520dd8 exad-glass-effect-no exad-sticky-section-no\" data-id=\"44520dd8\" data-element_type=\"column\" data-e-type=\"column\">\n\t\t\t<div class=\"elementor-widget-wrap elementor-element-populated\">\n\t\t\t\t\t\t<div class=\"elementor-element elementor-element-3e0579e8 exad-sticky-section-no exad-glass-effect-no elementor-widget elementor-widget-text-editor\" data-id=\"3e0579e8\" data-element_type=\"widget\" data-e-type=\"widget\" data-widget_type=\"text-editor.default\">\n\t\t\t\t<div class=\"elementor-widget-container\">\n\t\t\t\t\t\t\t\t\t<p>Le Directeur G\u00e9n\u00e9ral du Portefeuille de l\u2019Etat, Monsieur BAMBA Seydou, a souhait\u00e9, le lundi 06 d\u00e9cembre 2026, ses v\u0153ux de nouvel an \u00e0 l\u2019ensemble de son personnel.<\/p><p>A cette occasion, les agents, r\u00e9partis sur les trois sites que sont le 3\u00e8me \u00e9tage de la Tour B, l\u2019Immeuble Le III et \u00e0 l\u2019Immeuble ALLIANCE, ont chaleureusement accueilli le Directeur G\u00e9n\u00e9ral. Fid\u00e8le \u00e0 la tradition, celui-ci a tenu, en pr\u00e9lude, \u00e0 exprimer sa reconnaissance \u00e0 l\u2019ensemble du personnel pour la qualit\u00e9 du travail accompli et l\u2019engagement dont il a fait preuve tout au long de l\u2019ann\u00e9e \u00e9coul\u00e9e.<\/p><p>Poursuivant son intervention, Monsieur le Directeur G\u00e9n\u00e9ral a formul\u00e9 \u00e0 l\u2019endroit de ses agents, des v\u0153ux de sant\u00e9, de r\u00e9ussite et de prosp\u00e9rit\u00e9. Il les a, par ailleurs, exhort\u00e9s \u00e0 redoubler d\u2019efforts, de rigueur et d\u2019ardeur au travail afin de permettre \u00e0 la Direction G\u00e9n\u00e9rale du Portefeuille de l\u2019Etat de relever, avec encore plus d\u2019efficacit\u00e9, les d\u00e9fis \u00e0 venir. Il a, \u00e0 cet effet, insist\u00e9 sur l\u2019importance du travail d\u2019\u00e9quipe, rappelant que \u00ab Seul on va vite, ensemble on va plus loin \u00bb.<\/p><p>Dans leur ensemble, les agents ont salu\u00e9 et appr\u00e9ci\u00e9 cette marque d\u2019attention du Directeur G\u00e9n\u00e9ral. En retour, ils lui ont adress\u00e9 une motion de remerciements, tout en lui formulant des v\u0153ux de plein succ\u00e8s dans la conduite de ses missions \u00e0 la t\u00eate de la structure.<\/p>\t\t\t\t\t\t\t\t<\/div>\n\t\t\t\t<\/div>\n\t\t\t\t\t<\/div>\n\t\t<\/div>\n\t\t\t\t\t<\/div>\n\t\t<\/section>\n\t\t\t\t<\/div>\n\t\t","protected":false},"excerpt":{"rendered":"<p>Le Directeur G\u00e9n\u00e9ral du Portefeuille de l\u2019Etat, Monsieur BAMBA Seydou, a souhait\u00e9, le lundi 06 d\u00e9cembre 2026, ses v\u0153ux de nouvel an \u00e0 l\u2019ensemble de son personnel.<\/p>\n<p>A cette occasion, les agents, r\u00e9partis sur les trois sites que sont le 3\u00e8me \u00e9tage de la Tour B, l\u2019Immeuble Le III et \u00e0 l\u2019Immeuble ALLIANCE, ont chaleureusement accueilli le Directeur G\u00e9n\u00e9ral. Fid\u00e8le \u00e0 la tradition, celui-ci a tenu, en pr\u00e9lude, \u00e0 exprimer sa reconnaissance \u00e0 l\u2019ensemble du personnel pour la qualit\u00e9 du travail accompli et l\u2019engagement dont il a fait preuve tout au long de l\u2019ann\u00e9e \u00e9coul\u00e9e.<\/p>\n<p>Poursuivant son intervention, Monsieur le Directeur G\u00e9n\u00e9ral a formul\u00e9 \u00e0 l\u2019endroit de ses agents, des v\u0153ux de sant\u00e9, de r\u00e9ussite et de prosp\u00e9rit\u00e9. Il les a, par ailleurs, exhort\u00e9s \u00e0 redoubler d\u2019efforts, de rigueur et d\u2019ardeur au travail afin de permettre \u00e0 la Direction G\u00e9n\u00e9rale du Portefeuille de l\u2019Etat de relever, avec encore plus d\u2019efficacit\u00e9, les d\u00e9fis \u00e0 venir. Il a, \u00e0 cet effet, insist\u00e9 sur l\u2019importance du travail d\u2019\u00e9quipe, rappelant que \u00ab Seul on va vite, ensemble on va plus loin \u00bb.<\/p>\n<p>Dans leur ensemble, les agents ont salu\u00e9 et appr\u00e9ci\u00e9 cette marque d\u2019attention du Directeur G\u00e9n\u00e9ral. En retour, ils lui ont adress\u00e9 une motion de remerciements, tout en lui formulant des v\u0153ux de plein succ\u00e8s dans la conduite de ses missions \u00e0 la t\u00eate de la structure.<\/p>\n","protected":false},"author":146,"featured_media":16587,"comment_status":"closed","ping_status":"closed","sticky":false,"template":"","format":"standard","meta":{"footnotes":""},"categories":[181,24],"tags":[176],"class_list":["post-16585","post","type-post","status-publish","format-standard","has-post-thumbnail","hentry","category-181","category-articles","tag-actualites-2025"],"_links":{"self":[{"href":"https:\/\/dgpe.gouv.ci\/fr\/wp-json\/wp\/v2\/posts\/16585","targetHints":{"allow":["GET"]}}],"collection":[{"href":"https:\/\/dgpe.gouv.ci\/fr\/wp-json\/wp\/v2\/posts"}],"about":[{"href":"https:\/\/dgpe.gouv.ci\/fr\/wp-json\/wp\/v2\/types\/post"}],"author":[{"embeddable":true,"href":"https:\/\/dgpe.gouv.ci\/fr\/wp-json\/wp\/v2\/users\/146"}],"replies":[{"embeddable":true,"href":"https:\/\/dgpe.gouv.ci\/fr\/wp-json\/wp\/v2\/comments?post=16585"}],"version-history":[{"count":4,"href":"https:\/\/dgpe.gouv.ci\/fr\/wp-json\/wp\/v2\/posts\/16585\/revisions"}],"predecessor-version":[{"id":16593,"href":"https:\/\/dgpe.gouv.ci\/fr\/wp-json\/wp\/v2\/posts\/16585\/revisions\/16593"}],"wp:featuredmedia":[{"embeddable":true,"href":"https:\/\/dgpe.gouv.ci\/fr\/wp-json\/wp\/v2\/media\/16587"}],"wp:attachment":[{"href":"https:\/\/dgpe.gouv.ci\/fr\/wp-json\/wp\/v2\/media?parent=16585"}],"wp:term":[{"taxonomy":"category","embeddable":true,"href":"https:\/\/dgpe.gouv.ci\/fr\/wp-json\/wp\/v2\/categories?post=16585"},{"taxonomy":"post_tag","embeddable":true,"href":"https:\/\/dgpe.gouv.ci\/fr\/wp-json\/wp\/v2\/tags?post=16585"}],"curies":[{"name":"wp","href":"https:\/\/api.w.org\/{rel}","templated":true}]}}